{"id":8374,"date":"2021-12-04T15:58:36","date_gmt":"2021-12-04T15:58:36","guid":{"rendered":"https:\/\/www.fringuello.eu\/?p=8374"},"modified":"2021-12-09T16:14:23","modified_gmt":"2021-12-09T16:14:23","slug":"mahashanti-yoga","status":"publish","type":"post","link":"https:\/\/www.fringuello.eu\/de\/mahashanti-yoga\/","title":{"rendered":"RETREAT MIT MAHA SHANTI YOGA"},"content":{"rendered":"\t\t<div data-elementor-type=\"wp-post\" data-elementor-id=\"8374\" class=\"elementor elementor-8374 elementor-8062\" data-elementor-post-type=\"post\">\n\t\t\t\t\t\t<section class=\"elementor-section elementor-top-section elementor-element elementor-element-9a26dd5 elementor-section-boxed elementor-section-height-default elementor-section-height-default qodef-elementor-content-no\" data-id=\"9a26dd5\" data-element_type=\"section\">\n\t\t\t\t\t\t<div class=\"elementor-container elementor-column-gap-default\">\n\t\t\t\t\t<div class=\"elementor-column elementor-col-100 elementor-top-column elementor-element elementor-element-a4eccb8\" data-id=\"a4eccb8\" data-element_type=\"column\">\n\t\t\t<div class=\"elementor-widget-wrap elementor-element-populated\">\n\t\t\t\t\t\t<div class=\"elementor-element elementor-element-8ff9c36 elementor-widget elementor-widget-heading\" data-id=\"8ff9c36\" data-element_type=\"widget\" data-widget_type=\"heading.default\">\n\t\t\t\t<div class=\"elementor-widget-container\">\n\t\t\t\t\t<h2 class=\"elementor-heading-title elementor-size-default\">4. - 11.  Juni 2022<\/h2>\t\t\t\t<\/div>\n\t\t\t\t<\/div>\n\t\t\t\t\t<\/div>\n\t\t<\/div>\n\t\t\t\t\t<\/div>\n\t\t<\/section>\n\t\t\t\t<section class=\"elementor-section elementor-top-section elementor-element elementor-element-424f1b6 elementor-section-boxed elementor-section-height-default elementor-section-height-default qodef-elementor-content-no\" data-id=\"424f1b6\" data-element_type=\"section\">\n\t\t\t\t\t\t<div class=\"elementor-container elementor-column-gap-default\">\n\t\t\t\t\t<div class=\"elementor-column elementor-col-100 elementor-top-column elementor-element elementor-element-2d962b33\" data-id=\"2d962b33\" data-element_type=\"column\">\n\t\t\t<div class=\"elementor-widget-wrap elementor-element-populated\">\n\t\t\t\t\t\t<div class=\"elementor-element elementor-element-65e74203 elementor-widget elementor-widget-text-editor\" data-id=\"65e74203\" data-element_type=\"widget\" data-widget_type=\"text-editor.default\">\n\t\t\t\t<div class=\"elementor-widget-container\">\n\t\t\t\t\t\t\t\t\t<p>Ein Yoga-Retreat ist genau das, was der Name schon sagt: Es ist ein Aufenthalt fernab von zu Hause, der uns die M\u00f6glichkeit gibt, uns aus unserem Alltag und unseren Routinen &#8222;zur\u00fcckzuziehen&#8220;. Sich diese Zeit zu nehmen und die Umgebung zu wechseln ist wichtig, weil wir dadurch die Dinge aus einem anderen Blickwinkel betrachten k\u00f6nnen, was uns den n\u00f6tigen Raum gibt, um uns auszuruhen, uns neu zu initialisieren und durch eine Vertiefung unserer Yogapraxis neue Kraft zu sch\u00f6pfen.<\/p><p>Unsere Yoga-Retreats sind NICHT als &#8222;stille Retreats&#8220; konzipiert. Obwohl Zeit f\u00fcr sich selbst zu nehmen ein integraler Bestandteil dieser Gelegenheit ist, liegt der Kern unserer Praxis und unseres Unterrichts im Weg des bewussten Lebens, um uns mit unserem K\u00f6rper, unserem Geist und unseren Emotionen zu verbinden und uns gleichzeitig bewusst mit der Natur, den Menschen und der Welt um uns herum zu verbinden.<\/p><p>Wenn wir anfangen, Erfahrungen, Lachen und eine Gemeinschaft zu teilen, finden wir einen tieferen Wert in den Yoga-Retreats.<\/p><p>Unser Yoga-Ansatz basiert auf den Lehren und Grundlagen des klassischen Hatha-Yoga seit seinen traditionellen Wurzeln in Indien, kombiniert mit dem Wissen um seine breitere Anwendung auf unsere modernen Lebensweisen.<\/p><p>Aufbauend auf den traditionellen vedantischen, tantrischen und yogischen Lehren sowie einem Verst\u00e4ndnis der zeitgen\u00f6ssischen Wissenschaft vom k\u00f6rperlichen und geistigen Wohlbefinden bieten wir einen integrierten und ganzheitlichen Ansatz des Yoga, der auf einer bewussten Praxis beruht und k\u00f6rperliche Bewegung, Atmung und Geist durch Asana-, Pranayama- und Meditationstechniken miteinander verbindet.<\/p><p>Das Retreat wird in englischer und deutscher Sprache abgehalten.<\/p><p><a href=\"https:\/\/www.mahashantiyoga.com\/\">www.mahashantiyoga.com<\/a><\/p><hr \/><p class=\"p1\">UNTERKUNFTSKOSTEN PRO ERWACHSENER<\/p><p class=\"p1\">&#8211; in einem Mehrbettzimmer f\u00fcr 7 N\u00e4chte mit Fr\u00fchst\u00fcck und Abendessen (Getr\u00e4nke und Wein nicht inbegriffen) &#8211; \u20ac595<\/p><p class=\"p1\">&#8211; im Einzelzimmer f\u00fcr 7 N\u00e4chte mit Fr\u00fchst\u00fcck und Abendessen (Getr\u00e4nke und Wein nicht inbegriffen) &#8211; \u20ac805<\/p><p class=\"p1\">YOGA-PROGRAMM KOSTEN PRO PERSON<\/p><p class=\"p1\">&#8211; Morgens und abends Praxis f\u00fcr 7 Tage &#8211; \u20ac350<\/p><p class=\"p1\">KOSTEN PRO KIND (3 bis 12 Jahre alt)\u00a0<\/p><p class=\"p1\">Gemeinsame Unterkunft f\u00fcr 7 N\u00e4chte mit den Eltern &#8211; 298 \u20ac<\/p>\t\t\t\t\t\t\t\t<\/div>\n\t\t\t\t<\/div>\n\t\t\t\t\t<\/div>\n\t\t<\/div>\n\t\t\t\t\t<\/div>\n\t\t<\/section>\n\t\t\t\t<\/div>\n\t\t","protected":false},"excerpt":{"rendered":"<p>4. &#8211; 11. Juni 2022 Ein Yoga-Retreat ist genau das, was der Name schon sagt: Es ist ein Aufenthalt fernab von zu Hause, der uns die M\u00f6glichkeit gibt, uns aus unserem Alltag und unseren Routinen &#8222;zur\u00fcckzuziehen&#8220;. Sich diese Zeit zu nehmen und die Umgebung zu wechseln ist wichtig, weil wir dadurch die Dinge aus einem [&hellip;]<\/p>\n","protected":false},"author":7,"featured_media":8255,"comment_status":"closed","ping_status":"closed","sticky":false,"template":"","format":"standard","meta":{"footnotes":""},"categories":[160],"tags":[150,152,153,151],"class_list":["post-8374","post","type-post","status-publish","format-standard","has-post-thumbnail","hentry","category-yoga","tag-gesundheit","tag-meditation-de","tag-wellness-de","tag-yoga-de"],"aioseo_notices":[],"_links":{"self":[{"href":"https:\/\/www.fringuello.eu\/de\/wp-json\/wp\/v2\/posts\/8374","targetHints":{"allow":["GET"]}}],"collection":[{"href":"https:\/\/www.fringuello.eu\/de\/wp-json\/wp\/v2\/posts"}],"about":[{"href":"https:\/\/www.fringuello.eu\/de\/wp-json\/wp\/v2\/types\/post"}],"author":[{"embeddable":true,"href":"https:\/\/www.fringuello.eu\/de\/wp-json\/wp\/v2\/users\/7"}],"replies":[{"embeddable":true,"href":"https:\/\/www.fringuello.eu\/de\/wp-json\/wp\/v2\/comments?post=8374"}],"version-history":[{"count":21,"href":"https:\/\/www.fringuello.eu\/de\/wp-json\/wp\/v2\/posts\/8374\/revisions"}],"predecessor-version":[{"id":8628,"href":"https:\/\/www.fringuello.eu\/de\/wp-json\/wp\/v2\/posts\/8374\/revisions\/8628"}],"wp:featuredmedia":[{"embeddable":true,"href":"https:\/\/www.fringuello.eu\/de\/wp-json\/wp\/v2\/media\/8255"}],"wp:attachment":[{"href":"https:\/\/www.fringuello.eu\/de\/wp-json\/wp\/v2\/media?parent=8374"}],"wp:term":[{"taxonomy":"category","embeddable":true,"href":"https:\/\/www.fringuello.eu\/de\/wp-json\/wp\/v2\/categories?post=8374"},{"taxonomy":"post_tag","embeddable":true,"href":"https:\/\/www.fringuello.eu\/de\/wp-json\/wp\/v2\/tags?post=8374"}],"curies":[{"name":"wp","href":"https:\/\/api.w.org\/{rel}","templated":true}]}}