{"id":8842,"date":"2022-08-09T07:53:16","date_gmt":"2022-08-09T07:53:16","guid":{"rendered":"https:\/\/www.fringuello.eu\/?p=8842"},"modified":"2023-04-13T16:36:29","modified_gmt":"2023-04-13T16:36:29","slug":"wandern-und-wellnesswoche","status":"publish","type":"post","link":"https:\/\/www.fringuello.eu\/de\/wandern-und-wellnesswoche\/","title":{"rendered":"Wandern und Wellnesswoche"},"content":{"rendered":"\t\t<div data-elementor-type=\"wp-post\" data-elementor-id=\"8842\" class=\"elementor elementor-8842 elementor-8783\" data-elementor-post-type=\"post\">\n\t\t\t\t\t\t<section class=\"elementor-section elementor-top-section elementor-element elementor-element-d4c17c7 elementor-section-boxed elementor-section-height-default elementor-section-height-default qodef-elementor-content-no\" data-id=\"d4c17c7\" data-element_type=\"section\">\n\t\t\t\t\t\t<div class=\"elementor-container elementor-column-gap-default\">\n\t\t\t\t\t<div class=\"elementor-column elementor-col-100 elementor-top-column elementor-element elementor-element-8264dbe\" data-id=\"8264dbe\" data-element_type=\"column\">\n\t\t\t<div class=\"elementor-widget-wrap elementor-element-populated\">\n\t\t\t\t\t\t<div class=\"elementor-element elementor-element-e91c949 elementor-widget elementor-widget-text-editor\" data-id=\"e91c949\" data-element_type=\"widget\" data-widget_type=\"text-editor.default\">\n\t\t\t\t<div class=\"elementor-widget-container\">\n\t\t\t\t\t\t\t\t\t<h4>7. &#8211; 14. Oktober 2023<\/h4>\t\t\t\t\t\t\t\t<\/div>\n\t\t\t\t<\/div>\n\t\t\t\t<div class=\"elementor-element elementor-element-7e40ec5 elementor-widget elementor-widget-text-editor\" data-id=\"7e40ec5\" data-element_type=\"widget\" data-widget_type=\"text-editor.default\">\n\t\t\t\t<div class=\"elementor-widget-container\">\n\t\t\t\t\t\t\t\t\t<h4><span style=\"color: #000000\">Dieses Programm richtet sich an Naturliebhaber jeden Alters und aus allen L\u00e4ndern. Kleine Gruppen und Einzelreisende sind willkommen. Die Wanderungen dauern zwischen drei und f\u00fcnf Stunden und sind f\u00fcr jedes Niveau geeignet.<\/span><\/h4><h4><span style=\"color: #000000\">Der Kurs findet bei einer Teilnehmerzahl von mindestens 8 Personen statt.<\/span><\/h4><h4><span style=\"color: #000000\">F\u00fcr Informationen und Anmeldung schreiben Sie bitte an <a style=\"color: #000000\" href=\"mailto:info@fringuello.eu\">info@fringuello.eu<\/a><\/span><\/h4>\t\t\t\t\t\t\t\t<\/div>\n\t\t\t\t<\/div>\n\t\t\t\t\t<\/div>\n\t\t<\/div>\n\t\t\t\t\t<\/div>\n\t\t<\/section>\n\t\t\t\t<section class=\"elementor-section elementor-top-section elementor-element elementor-element-a5cbf1f elementor-section-boxed elementor-section-height-default elementor-section-height-default qodef-elementor-content-no\" data-id=\"a5cbf1f\" data-element_type=\"section\">\n\t\t\t\t\t\t<div class=\"elementor-container elementor-column-gap-default\">\n\t\t\t\t\t<div class=\"elementor-column elementor-col-33 elementor-top-column elementor-element elementor-element-877df6b\" data-id=\"877df6b\" data-element_type=\"column\">\n\t\t\t<div class=\"elementor-widget-wrap elementor-element-populated\">\n\t\t\t\t\t\t<div class=\"elementor-element elementor-element-a540546 elementor-widget elementor-widget-image\" data-id=\"a540546\" data-element_type=\"widget\" data-widget_type=\"image.default\">\n\t\t\t\t<div class=\"elementor-widget-container\">\n\t\t\t\t\t\t\t\t\t\t\t\t\t\t\t<img fetchpriority=\"high\" decoding=\"async\" width=\"1024\" height=\"1024\" src=\"https:\/\/www.fringuello.eu\/wp-content\/uploads\/2022\/08\/paesaggio-autunno.jpg\" class=\"attachment-1536x1536 size-1536x1536 wp-image-8793\" alt=\"\" srcset=\"https:\/\/www.fringuello.eu\/wp-content\/uploads\/2022\/08\/paesaggio-autunno.jpg 1024w, https:\/\/www.fringuello.eu\/wp-content\/uploads\/2022\/08\/paesaggio-autunno-300x300.jpg 300w, https:\/\/www.fringuello.eu\/wp-content\/uploads\/2022\/08\/paesaggio-autunno-150x150.jpg 150w, https:\/\/www.fringuello.eu\/wp-content\/uploads\/2022\/08\/paesaggio-autunno-768x768.jpg 768w, https:\/\/www.fringuello.eu\/wp-content\/uploads\/2022\/08\/paesaggio-autunno-650x650.jpg 650w\" sizes=\"(max-width: 1024px) 100vw, 1024px\" \/>\t\t\t\t\t\t\t\t\t\t\t\t\t\t\t<\/div>\n\t\t\t\t<\/div>\n\t\t\t\t\t<\/div>\n\t\t<\/div>\n\t\t\t\t<div class=\"elementor-column elementor-col-33 elementor-top-column elementor-element elementor-element-5c4152f\" data-id=\"5c4152f\" data-element_type=\"column\">\n\t\t\t<div class=\"elementor-widget-wrap elementor-element-populated\">\n\t\t\t\t\t\t<div class=\"elementor-element elementor-element-3cd81d7 elementor-widget elementor-widget-image\" data-id=\"3cd81d7\" data-element_type=\"widget\" data-widget_type=\"image.default\">\n\t\t\t\t<div class=\"elementor-widget-container\">\n\t\t\t\t\t\t\t\t\t\t\t\t\t\t\t<img decoding=\"async\" width=\"1024\" height=\"1024\" src=\"https:\/\/www.fringuello.eu\/wp-content\/uploads\/2022\/08\/bagni-vignone.jpg\" class=\"attachment-large size-large wp-image-8797\" alt=\"\" srcset=\"https:\/\/www.fringuello.eu\/wp-content\/uploads\/2022\/08\/bagni-vignone.jpg 1024w, https:\/\/www.fringuello.eu\/wp-content\/uploads\/2022\/08\/bagni-vignone-300x300.jpg 300w, https:\/\/www.fringuello.eu\/wp-content\/uploads\/2022\/08\/bagni-vignone-150x150.jpg 150w, https:\/\/www.fringuello.eu\/wp-content\/uploads\/2022\/08\/bagni-vignone-768x768.jpg 768w, https:\/\/www.fringuello.eu\/wp-content\/uploads\/2022\/08\/bagni-vignone-650x650.jpg 650w\" sizes=\"(max-width: 1024px) 100vw, 1024px\" \/>\t\t\t\t\t\t\t\t\t\t\t\t\t\t\t<\/div>\n\t\t\t\t<\/div>\n\t\t\t\t\t<\/div>\n\t\t<\/div>\n\t\t\t\t<div class=\"elementor-column elementor-col-33 elementor-top-column elementor-element elementor-element-1e7cf78\" data-id=\"1e7cf78\" data-element_type=\"column\">\n\t\t\t<div class=\"elementor-widget-wrap elementor-element-populated\">\n\t\t\t\t\t\t<div class=\"elementor-element elementor-element-245d7f3 elementor-widget elementor-widget-image\" data-id=\"245d7f3\" data-element_type=\"widget\" data-widget_type=\"image.default\">\n\t\t\t\t<div class=\"elementor-widget-container\">\n\t\t\t\t\t\t\t\t\t\t\t\t\t\t\t<img decoding=\"async\" width=\"1024\" height=\"1024\" src=\"https:\/\/www.fringuello.eu\/wp-content\/uploads\/2022\/08\/pietra-indicazioni.jpg\" class=\"attachment-large size-large wp-image-8805\" alt=\"\" srcset=\"https:\/\/www.fringuello.eu\/wp-content\/uploads\/2022\/08\/pietra-indicazioni.jpg 1024w, https:\/\/www.fringuello.eu\/wp-content\/uploads\/2022\/08\/pietra-indicazioni-300x300.jpg 300w, https:\/\/www.fringuello.eu\/wp-content\/uploads\/2022\/08\/pietra-indicazioni-150x150.jpg 150w, https:\/\/www.fringuello.eu\/wp-content\/uploads\/2022\/08\/pietra-indicazioni-768x768.jpg 768w, https:\/\/www.fringuello.eu\/wp-content\/uploads\/2022\/08\/pietra-indicazioni-650x650.jpg 650w\" sizes=\"(max-width: 1024px) 100vw, 1024px\" \/>\t\t\t\t\t\t\t\t\t\t\t\t\t\t\t<\/div>\n\t\t\t\t<\/div>\n\t\t\t\t\t<\/div>\n\t\t<\/div>\n\t\t\t\t\t<\/div>\n\t\t<\/section>\n\t\t\t\t<section class=\"elementor-section elementor-top-section elementor-element elementor-element-f0e715a elementor-section-boxed elementor-section-height-default elementor-section-height-default qodef-elementor-content-no\" data-id=\"f0e715a\" data-element_type=\"section\">\n\t\t\t\t\t\t<div class=\"elementor-container elementor-column-gap-default\">\n\t\t\t\t\t<div class=\"elementor-column elementor-col-100 elementor-top-column elementor-element elementor-element-87bcb1f\" data-id=\"87bcb1f\" data-element_type=\"column\">\n\t\t\t<div class=\"elementor-widget-wrap elementor-element-populated\">\n\t\t\t\t\t\t<section class=\"elementor-section elementor-inner-section elementor-element elementor-element-b2f5a65 elementor-section-boxed elementor-section-height-default elementor-section-height-default qodef-elementor-content-no\" data-id=\"b2f5a65\" data-element_type=\"section\">\n\t\t\t\t\t\t<div class=\"elementor-container elementor-column-gap-default\">\n\t\t\t\t\t<div class=\"elementor-column elementor-col-100 elementor-inner-column elementor-element elementor-element-ea8af90\" data-id=\"ea8af90\" data-element_type=\"column\">\n\t\t\t<div class=\"elementor-widget-wrap elementor-element-populated\">\n\t\t\t\t\t\t<div class=\"elementor-element elementor-element-8f0837b elementor-widget elementor-widget-text-editor\" data-id=\"8f0837b\" data-element_type=\"widget\" data-widget_type=\"text-editor.default\">\n\t\t\t\t<div class=\"elementor-widget-container\">\n\t\t\t\t\t\t\t\t\t<h4>Eine Woche v\u00f6lliges Eintauchen in die toskanische Natur zwischen Cortona und Montepulciano.\u00a0<\/h4><h4>Tage mit gef\u00fchrten Ausfl\u00fcgen, Mittag- und Abendessen in ausgew\u00e4hlten Trattorien oder auf dem Weingut wechseln sich ab mit Tagen der Entspannung, Massagen und Besichtigungen nahe gelegener St\u00e4dte.\u00a0<\/h4><h4>Gem\u00fctliche Abende im Agriturismo runden das Programm ab.<\/h4>\t\t\t\t\t\t\t\t<\/div>\n\t\t\t\t<\/div>\n\t\t\t\t<div class=\"elementor-element elementor-element-86b06d0 elementor-widget elementor-widget-text-editor\" data-id=\"86b06d0\" data-element_type=\"widget\" data-widget_type=\"text-editor.default\">\n\t\t\t\t<div class=\"elementor-widget-container\">\n\t\t\t\t\t\t\t\t\t<h4>Das Programm beinhaltet:<\/h4><h4>&#8211; siebent\u00e4giger Aufenthalt im Agriturismo Fringuello in einem Doppel- oder Einzelzimmer.<\/h4><h4>&#8211; t\u00e4gliches Fr\u00fchst\u00fcck<\/h4><h4>&#8211; gef\u00fchrte Ausfl\u00fcge an drei Tagen\u00a0<\/h4><h4>&#8211; zwei Picknick-Lunches und ein Mittagessen in einer Trattoria<\/h4><h4>&#8211; eine 50-min\u00fctige Massage pro Person<br \/>&#8211; Aufw\u00e4rm\u00fcbungen am Morgen<br \/>&#8211; gef\u00fchrte Besichtigungen von St\u00e4dten und\/oder Weing\u00fctern\u00a0<br \/>&#8211; umfassendes Wohlbefinden<\/h4>\t\t\t\t\t\t\t\t<\/div>\n\t\t\t\t<\/div>\n\t\t\t\t<div class=\"elementor-element elementor-element-fad2b5a elementor-widget elementor-widget-text-editor\" data-id=\"fad2b5a\" data-element_type=\"widget\" data-widget_type=\"text-editor.default\">\n\t\t\t\t<div class=\"elementor-widget-container\">\n\t\t\t\t\t\t\t\t\t<h4>KOSTEN PRO PERSON<\/h4><h4>&#8211; im geteilten Doppelzimmer &#8211; \u20ac 1230<\/h4><h4>&#8211; im Einzelzimmer &#8211; \u20ac 1480<\/h4>\t\t\t\t\t\t\t\t<\/div>\n\t\t\t\t<\/div>\n\t\t\t\t\t<\/div>\n\t\t<\/div>\n\t\t\t\t\t<\/div>\n\t\t<\/section>\n\t\t\t\t\t<\/div>\n\t\t<\/div>\n\t\t\t\t\t<\/div>\n\t\t<\/section>\n\t\t\t\t<section class=\"elementor-section elementor-top-section elementor-element elementor-element-d685b43 elementor-section-boxed elementor-section-height-default elementor-section-height-default qodef-elementor-content-no\" data-id=\"d685b43\" data-element_type=\"section\">\n\t\t\t\t\t\t<div class=\"elementor-container elementor-column-gap-default\">\n\t\t\t\t\t<div class=\"elementor-column elementor-col-50 elementor-top-column elementor-element elementor-element-3757aa8\" data-id=\"3757aa8\" data-element_type=\"column\">\n\t\t\t<div class=\"elementor-widget-wrap elementor-element-populated\">\n\t\t\t\t\t\t<div class=\"elementor-element elementor-element-0dcff37 elementor-widget elementor-widget-text-editor\" data-id=\"0dcff37\" data-element_type=\"widget\" data-widget_type=\"text-editor.default\">\n\t\t\t\t<div class=\"elementor-widget-container\">\n\t\t\t\t\t\t\t\t\t<p>Alessandro ist in Montepulciano (SI) geboren, wo er auch heute lebt.\u00a0<\/p><p>Er ist Wanderf\u00fchrer und kann so seine Leidenschaft beruflich ausleben. Im Jahr 2001 begann er seinen Werdegang als Masseur mit einer Ausbildung in chinesischer Tui Na-Massage. Durch diese Ausbildung wurde er in die Welt der ganzheitlichen Disziplinen eingef\u00fchrt.\u00a0<\/p><p>Er absolvierte die dreij\u00e4hrige Shiatsu-Massage-Ausbildung und setzte damit den Weg der orientalischen Philosophien fort. So vertiefte er sein Wissen \u00fcber Meridiane und die ayurvedische Massage und erweiterte seine Kenntnisse in der Akupunktur-Therapie.\u00a0<\/p><p>Alessandro ist seit 5 Jahren in der Toskana als Gruppenleiter f\u00fcr Ausfl\u00fcge t\u00e4tig. Seine F\u00fchrungen sind haupts\u00e4chlich in der Gegend von Siena und Arezzo.<\/p><p>Mehr \u00fcber Alessandro und seine Aktivit\u00e4ten erfahren Sie <a href=\"https:\/\/www.ovvai.com\/\">hier<\/a>.\u00a0\u00a0<\/p>\t\t\t\t\t\t\t\t<\/div>\n\t\t\t\t<\/div>\n\t\t\t\t\t<\/div>\n\t\t<\/div>\n\t\t\t\t<div class=\"elementor-column elementor-col-50 elementor-top-column elementor-element elementor-element-f815a88\" data-id=\"f815a88\" data-element_type=\"column\">\n\t\t\t<div class=\"elementor-widget-wrap elementor-element-populated\">\n\t\t\t\t\t\t<div class=\"elementor-element elementor-element-8ab1837 elementor-widget elementor-widget-image\" data-id=\"8ab1837\" data-element_type=\"widget\" data-widget_type=\"image.default\">\n\t\t\t\t<div class=\"elementor-widget-container\">\n\t\t\t\t\t\t\t\t\t\t\t\t\t\t\t<img loading=\"lazy\" decoding=\"async\" width=\"796\" height=\"1024\" src=\"https:\/\/www.fringuello.eu\/wp-content\/uploads\/2022\/08\/ritratto-Ale-796x1024.jpeg\" class=\"attachment-large size-large wp-image-8777\" alt=\"\" srcset=\"https:\/\/www.fringuello.eu\/wp-content\/uploads\/2022\/08\/ritratto-Ale-796x1024.jpeg 796w, https:\/\/www.fringuello.eu\/wp-content\/uploads\/2022\/08\/ritratto-Ale-233x300.jpeg 233w, https:\/\/www.fringuello.eu\/wp-content\/uploads\/2022\/08\/ritratto-Ale-768x987.jpeg 768w, https:\/\/www.fringuello.eu\/wp-content\/uploads\/2022\/08\/ritratto-Ale.jpeg 1050w\" sizes=\"(max-width: 796px) 100vw, 796px\" \/>\t\t\t\t\t\t\t\t\t\t\t\t\t\t\t<\/div>\n\t\t\t\t<\/div>\n\t\t\t\t\t<\/div>\n\t\t<\/div>\n\t\t\t\t\t<\/div>\n\t\t<\/section>\n\t\t\t\t<\/div>\n\t\t","protected":false},"excerpt":{"rendered":"<p>7. &#8211; 14. Oktober 2023 Dieses Programm richtet sich an Naturliebhaber jeden Alters und aus allen L\u00e4ndern. Kleine Gruppen und Einzelreisende sind willkommen. Die Wanderungen dauern zwischen drei und f\u00fcnf Stunden und sind f\u00fcr jedes Niveau geeignet. Der Kurs findet bei einer Teilnehmerzahl von mindestens 8 Personen statt. F\u00fcr Informationen und Anmeldung schreiben Sie bitte [&hellip;]<\/p>\n","protected":false},"author":7,"featured_media":8773,"comment_status":"closed","ping_status":"closed","sticky":false,"template":"","format":"standard","meta":{"footnotes":""},"categories":[102,178,179],"tags":[150,180],"class_list":["post-8842","post","type-post","status-publish","format-standard","has-post-thumbnail","hentry","category-natur","category-wandern","category-wellness-3","tag-gesundheit","tag-natur"],"aioseo_notices":[],"_links":{"self":[{"href":"https:\/\/www.fringuello.eu\/de\/wp-json\/wp\/v2\/posts\/8842","targetHints":{"allow":["GET"]}}],"collection":[{"href":"https:\/\/www.fringuello.eu\/de\/wp-json\/wp\/v2\/posts"}],"about":[{"href":"https:\/\/www.fringuello.eu\/de\/wp-json\/wp\/v2\/types\/post"}],"author":[{"embeddable":true,"href":"https:\/\/www.fringuello.eu\/de\/wp-json\/wp\/v2\/users\/7"}],"replies":[{"embeddable":true,"href":"https:\/\/www.fringuello.eu\/de\/wp-json\/wp\/v2\/comments?post=8842"}],"version-history":[{"count":57,"href":"https:\/\/www.fringuello.eu\/de\/wp-json\/wp\/v2\/posts\/8842\/revisions"}],"predecessor-version":[{"id":9117,"href":"https:\/\/www.fringuello.eu\/de\/wp-json\/wp\/v2\/posts\/8842\/revisions\/9117"}],"wp:featuredmedia":[{"embeddable":true,"href":"https:\/\/www.fringuello.eu\/de\/wp-json\/wp\/v2\/media\/8773"}],"wp:attachment":[{"href":"https:\/\/www.fringuello.eu\/de\/wp-json\/wp\/v2\/media?parent=8842"}],"wp:term":[{"taxonomy":"category","embeddable":true,"href":"https:\/\/www.fringuello.eu\/de\/wp-json\/wp\/v2\/categories?post=8842"},{"taxonomy":"post_tag","embeddable":true,"href":"https:\/\/www.fringuello.eu\/de\/wp-json\/wp\/v2\/tags?post=8842"}],"curies":[{"name":"wp","href":"https:\/\/api.w.org\/{rel}","templated":true}]}}