{"id":8954,"date":"2022-09-01T20:46:45","date_gmt":"2022-09-01T20:46:45","guid":{"rendered":"https:\/\/www.fringuello.eu\/?p=8954"},"modified":"2022-09-01T20:46:45","modified_gmt":"2022-09-01T20:46:45","slug":"se-marier-au-fringuello","status":"publish","type":"post","link":"https:\/\/www.fringuello.eu\/fr\/se-marier-au-fringuello\/","title":{"rendered":"Se marier au Fringuello"},"content":{"rendered":"\t\t<div data-elementor-type=\"wp-post\" data-elementor-id=\"8954\" class=\"elementor elementor-8954 elementor-8888\" data-elementor-post-type=\"post\">\n\t\t\t\t\t\t<section class=\"elementor-section elementor-top-section elementor-element elementor-element-68fbb8a elementor-section-boxed elementor-section-height-default elementor-section-height-default qodef-elementor-content-no\" data-id=\"68fbb8a\" data-element_type=\"section\">\n\t\t\t\t\t\t<div class=\"elementor-container elementor-column-gap-default\">\n\t\t\t\t\t<div class=\"elementor-column elementor-col-100 elementor-top-column elementor-element elementor-element-d484aa1\" data-id=\"d484aa1\" data-element_type=\"column\">\n\t\t\t<div class=\"elementor-widget-wrap elementor-element-populated\">\n\t\t\t\t\t\t<div class=\"elementor-element elementor-element-efb0fea elementor-widget elementor-widget-text-editor\" data-id=\"efb0fea\" data-element_type=\"widget\" data-widget_type=\"text-editor.default\">\n\t\t\t\t<div class=\"elementor-widget-container\">\n\t\t\t\t\t\t\t\t\t<h3 style=\"margin-top: 0px;margin-bottom: 4px;font-weight: 600;line-height: 1.428;font-size: 1.333em;color: #555555;font-family: 'Titillium Web', Geneva, Tahoma, sans-serif;background-color: #ffffff\">\u00ab\u00a0Casa comunale\u00a0\u00bb<\/h3><h4><br \/>Aux fins de la c\u00e9l\u00e9bration des mariages et des unions civiles dans la commune de Cortona, l&rsquo;agritourisme Fringuello fait partie des lieux identifi\u00e9s comme \u00ab\u00a0Maison municipale\u00a0\u00bb aux termes du R\u00e8glement sur le mariage et les unions civiles (R\u00e9solution C.C. n\u00b0 114\/2021), de la R\u00e9solution C.C. n\u00b0 120\/2022 et de la R\u00e9solution C.C. n\u00b0 147\/2022.\u00a0<br \/>Il est donc possible de c\u00e9l\u00e9brer la c\u00e9r\u00e9monie de mariage au fringuello.\u00a0<\/h4><h4>Pour toute information, contactez-nous \u00e0 <a style=\"color: #000000\" href=\"mailto:info@fringuello.eu\">info@fringuello.eu<\/a><\/h4>\t\t\t\t\t\t\t\t<\/div>\n\t\t\t\t<\/div>\n\t\t\t\t\t<\/div>\n\t\t<\/div>\n\t\t\t\t\t<\/div>\n\t\t<\/section>\n\t\t\t\t<section class=\"elementor-section elementor-top-section elementor-element elementor-element-df1d006 elementor-section-boxed elementor-section-height-default elementor-section-height-default qodef-elementor-content-no\" data-id=\"df1d006\" data-element_type=\"section\">\n\t\t\t\t\t\t<div class=\"elementor-container elementor-column-gap-default\">\n\t\t\t\t\t<div class=\"elementor-column elementor-col-100 elementor-top-column elementor-element elementor-element-3adee9c\" data-id=\"3adee9c\" data-element_type=\"column\">\n\t\t\t<div class=\"elementor-widget-wrap elementor-element-populated\">\n\t\t\t\t\t\t<div class=\"elementor-element elementor-element-e9f1981 elementor-widget elementor-widget-gallery\" data-id=\"e9f1981\" data-element_type=\"widget\" data-settings=\"{&quot;lazyload&quot;:&quot;yes&quot;,&quot;gallery_layout&quot;:&quot;grid&quot;,&quot;columns&quot;:4,&quot;columns_tablet&quot;:2,&quot;columns_mobile&quot;:1,&quot;gap&quot;:{&quot;unit&quot;:&quot;px&quot;,&quot;size&quot;:10,&quot;sizes&quot;:[]},&quot;gap_tablet&quot;:{&quot;unit&quot;:&quot;px&quot;,&quot;size&quot;:10,&quot;sizes&quot;:[]},&quot;gap_mobile&quot;:{&quot;unit&quot;:&quot;px&quot;,&quot;size&quot;:10,&quot;sizes&quot;:[]},&quot;link_to&quot;:&quot;file&quot;,&quot;aspect_ratio&quot;:&quot;3:2&quot;,&quot;overlay_background&quot;:&quot;yes&quot;,&quot;content_hover_animation&quot;:&quot;fade-in&quot;}\" data-widget_type=\"gallery.default\">\n\t\t\t\t<div class=\"elementor-widget-container\">\n\t\t\t\t\t\t\t<div class=\"elementor-gallery__container\">\n\t\t\t\t\t\t\t<a class=\"e-gallery-item elementor-gallery-item elementor-animated-content\" href=\"https:\/\/www.fringuello.eu\/wp-content\/uploads\/2022\/09\/matrimonio-scaled.jpg\" data-elementor-open-lightbox=\"yes\" data-elementor-lightbox-slideshow=\"e9f1981\" data-elementor-lightbox-title=\"matrimonio\" data-e-action-hash=\"#elementor-action%3Aaction%3Dlightbox%26settings%3DeyJpZCI6ODkyMywidXJsIjoiaHR0cHM6XC9cL3d3dy5mcmluZ3VlbGxvLmV1XC93cC1jb250ZW50XC91cGxvYWRzXC8yMDIyXC8wOVwvbWF0cmltb25pby1zY2FsZWQuanBnIiwic2xpZGVzaG93IjoiZTlmMTk4MSJ9\">\n\t\t\t\t\t<div class=\"e-gallery-image elementor-gallery-item__image\" data-thumbnail=\"https:\/\/www.fringuello.eu\/wp-content\/uploads\/2022\/09\/matrimonio-300x291.jpg\" data-width=\"300\" data-height=\"291\" aria-label=\"\" role=\"img\" ><\/div>\n\t\t\t\t\t\t\t\t\t\t\t<div class=\"elementor-gallery-item__overlay\"><\/div>\n\t\t\t\t\t\t\t\t\t\t\t\t\t\t<\/a>\n\t\t\t\t\t\t\t<a class=\"e-gallery-item elementor-gallery-item elementor-animated-content\" href=\"https:\/\/www.fringuello.eu\/wp-content\/uploads\/2022\/09\/sposarsi-a-Cortona-1-scaled.jpeg\" data-elementor-open-lightbox=\"yes\" data-elementor-lightbox-slideshow=\"e9f1981\" data-elementor-lightbox-title=\"sposarsi a Cortona\" data-e-action-hash=\"#elementor-action%3Aaction%3Dlightbox%26settings%3DeyJpZCI6ODkzMSwidXJsIjoiaHR0cHM6XC9cL3d3dy5mcmluZ3VlbGxvLmV1XC93cC1jb250ZW50XC91cGxvYWRzXC8yMDIyXC8wOVwvc3Bvc2Fyc2ktYS1Db3J0b25hLTEtc2NhbGVkLmpwZWciLCJzbGlkZXNob3ciOiJlOWYxOTgxIn0%3D\">\n\t\t\t\t\t<div class=\"e-gallery-image elementor-gallery-item__image\" data-thumbnail=\"https:\/\/www.fringuello.eu\/wp-content\/uploads\/2022\/09\/sposarsi-a-Cortona-1-300x225.jpeg\" data-width=\"300\" data-height=\"225\" aria-label=\"\" role=\"img\" ><\/div>\n\t\t\t\t\t\t\t\t\t\t\t<div class=\"elementor-gallery-item__overlay\"><\/div>\n\t\t\t\t\t\t\t\t\t\t\t\t\t\t<\/a>\n\t\t\t\t\t\t\t<a class=\"e-gallery-item elementor-gallery-item elementor-animated-content\" href=\"https:\/\/www.fringuello.eu\/wp-content\/uploads\/2022\/09\/sposarsi-Cortona-scaled.jpeg\" data-elementor-open-lightbox=\"yes\" data-elementor-lightbox-slideshow=\"e9f1981\" data-elementor-lightbox-title=\"sposarsi Cortona\" data-e-action-hash=\"#elementor-action%3Aaction%3Dlightbox%26settings%3DeyJpZCI6ODkzNSwidXJsIjoiaHR0cHM6XC9cL3d3dy5mcmluZ3VlbGxvLmV1XC93cC1jb250ZW50XC91cGxvYWRzXC8yMDIyXC8wOVwvc3Bvc2Fyc2ktQ29ydG9uYS1zY2FsZWQuanBlZyIsInNsaWRlc2hvdyI6ImU5ZjE5ODEifQ%3D%3D\">\n\t\t\t\t\t<div class=\"e-gallery-image elementor-gallery-item__image\" data-thumbnail=\"https:\/\/www.fringuello.eu\/wp-content\/uploads\/2022\/09\/sposarsi-Cortona-300x225.jpeg\" data-width=\"300\" data-height=\"225\" aria-label=\"\" role=\"img\" ><\/div>\n\t\t\t\t\t\t\t\t\t\t\t<div class=\"elementor-gallery-item__overlay\"><\/div>\n\t\t\t\t\t\t\t\t\t\t\t\t\t\t<\/a>\n\t\t\t\t\t<\/div>\n\t\t\t\t\t<\/div>\n\t\t\t\t<\/div>\n\t\t\t\t\t<\/div>\n\t\t<\/div>\n\t\t\t\t\t<\/div>\n\t\t<\/section>\n\t\t\t\t<\/div>\n\t\t","protected":false},"excerpt":{"rendered":"<p>\u00ab\u00a0Casa comunale\u00a0\u00bb Aux fins de la c\u00e9l\u00e9bration des mariages et des unions civiles dans la commune de Cortona, l&rsquo;agritourisme Fringuello fait partie des lieux identifi\u00e9s comme \u00ab\u00a0Maison municipale\u00a0\u00bb aux termes du R\u00e8glement sur le mariage et les unions civiles (R\u00e9solution C.C. n\u00b0 114\/2021), de la R\u00e9solution C.C. n\u00b0 120\/2022 et de la R\u00e9solution C.C. n\u00b0 [&hellip;]<\/p>\n","protected":false},"author":7,"featured_media":8929,"comment_status":"closed","ping_status":"closed","sticky":false,"template":"","format":"standard","meta":{"footnotes":""},"categories":[186],"tags":[188,187],"class_list":["post-8954","post","type-post","status-publish","format-standard","has-post-thumbnail","hentry","category-feste-2","tag-feste-fr","tag-matrimoni-fr"],"aioseo_notices":[],"_links":{"self":[{"href":"https:\/\/www.fringuello.eu\/fr\/wp-json\/wp\/v2\/posts\/8954","targetHints":{"allow":["GET"]}}],"collection":[{"href":"https:\/\/www.fringuello.eu\/fr\/wp-json\/wp\/v2\/posts"}],"about":[{"href":"https:\/\/www.fringuello.eu\/fr\/wp-json\/wp\/v2\/types\/post"}],"author":[{"embeddable":true,"href":"https:\/\/www.fringuello.eu\/fr\/wp-json\/wp\/v2\/users\/7"}],"replies":[{"embeddable":true,"href":"https:\/\/www.fringuello.eu\/fr\/wp-json\/wp\/v2\/comments?post=8954"}],"version-history":[{"count":7,"href":"https:\/\/www.fringuello.eu\/fr\/wp-json\/wp\/v2\/posts\/8954\/revisions"}],"predecessor-version":[{"id":8961,"href":"https:\/\/www.fringuello.eu\/fr\/wp-json\/wp\/v2\/posts\/8954\/revisions\/8961"}],"wp:featuredmedia":[{"embeddable":true,"href":"https:\/\/www.fringuello.eu\/fr\/wp-json\/wp\/v2\/media\/8929"}],"wp:attachment":[{"href":"https:\/\/www.fringuello.eu\/fr\/wp-json\/wp\/v2\/media?parent=8954"}],"wp:term":[{"taxonomy":"category","embeddable":true,"href":"https:\/\/www.fringuello.eu\/fr\/wp-json\/wp\/v2\/categories?post=8954"},{"taxonomy":"post_tag","embeddable":true,"href":"https:\/\/www.fringuello.eu\/fr\/wp-json\/wp\/v2\/tags?post=8954"}],"curies":[{"name":"wp","href":"https:\/\/api.w.org\/{rel}","templated":true}]}}